{"id":56,"name":"Marc Vives","url":"https:\/\/marcvives.eu\/","description":"Marc Vives Mu\u00f1oz canta y nada, entre las esc\u00e9nicas y las visuales. Formado en Bellas Artes en 2001 por la Universidad de Barcelona y doctorando por la Universidad de Castilla - La Mancha. Trabaja con la materialidad de la voz en su potencialidad escult\u00f3rica con el objetivo de infiltrarse en arquitecturas, paisajes y otres cuerpes y reformular un orden establecido. Ha mostrado su trabajo en Rogaland Kunstsenter (Stavanger, 2016), Redcat (LA, 2016), etHALL (BCN, 2018), MACBA (BCN 2021), y perfos en Antic Teatre (BCN, 2020), CCEMX (M\u00e9xico, 2020), Festival Grec (BCN, 2020), La Casa Encendida (Madrid, 2021), MUSAC (Le\u00f3n, 2023), Collegium (Ar\u00e9valo, 2023) o MAC PANAM\u00c0 (2023). Colabora con otres artistes, de 2002-2012 form\u00f3 parte del d\u00fao Bestu\u00e9-Vives yendo a la Bienal de Venecia 2009. Su \u00e1mbito de afectaci\u00f3n excede la pr\u00e1ctica art\u00edstica y se dedica a la pedagog\u00eda, al comisariado o la gesti\u00f3n, buscando transformar colectivamente el modelo contextual. Recientemente ha comisariado el ciclo sobre corporalidad e imagen \u201cSecuencia\u201d junto a Fernando Gandasegui, creado la \u201cEscuela de Voz\u201d con Laia Estruch y formado parte del equipo comisarial en La Capella, tambi\u00e9n puso en marcha GRAF.cat en 2013 y sigue vinculado en tareas asesoramiento y estrategia.\r\n","link":"https:\/\/playlistcurada.com\/en\/author\/marc-vives\/","slug":"marc-vives","avatar_urls":{"24":"https:\/\/secure.gravatar.com\/avatar\/4b3b7d430eaa465f11df2f741020180892653cfbff540358d1aa699665fd6b7c?s=24&d=mm&r=g","48":"https:\/\/secure.gravatar.com\/avatar\/4b3b7d430eaa465f11df2f741020180892653cfbff540358d1aa699665fd6b7c?s=48&d=mm&r=g","96":"https:\/\/secure.gravatar.com\/avatar\/4b3b7d430eaa465f11df2f741020180892653cfbff540358d1aa699665fd6b7c?s=96&d=mm&r=g"},"meta":[],"yoast_head":"<!-- This site is optimized with the Yoast SEO plugin v25.3.1 - https:\/\/yoast.com\/wordpress\/plugins\/seo\/ -->\n<title>Marc Vives, autor en Playlist Curada<\/title>\n<meta name=\"robots\" content=\"index, follow, max-snippet:-1, max-image-preview:large, max-video-preview:-1\" \/>\n<link rel=\"canonical\" href=\"https:\/\/playlistcurada.com\/en\/author\/marc-vives\/\" \/>\n<meta property=\"og:locale\" content=\"en_GB\" \/>\n<meta property=\"og:type\" content=\"profile\" \/>\n<meta property=\"og:title\" content=\"Marc Vives, autor en Playlist Curada\" \/>\n<meta property=\"og:url\" content=\"https:\/\/playlistcurada.com\/en\/author\/marc-vives\/\" \/>\n<meta property=\"og:site_name\" content=\"Playlist Curada\" \/>\n<meta property=\"og:image\" content=\"https:\/\/playlistcurada.com\/wp-content\/uploads\/2026\/03\/2026-Geofonias-MarcPortrait-web.png\" \/>\n<meta name=\"twitter:card\" content=\"summary_large_image\" \/>\n<script type=\"application\/ld+json\" class=\"yoast-schema-graph\">{\"@context\":\"https:\/\/schema.org\",\"@graph\":[{\"@type\":\"ProfilePage\",\"@id\":\"https:\/\/playlistcurada.com\/author\/marc-vives\/\",\"url\":\"https:\/\/playlistcurada.com\/author\/marc-vives\/\",\"name\":\"Marc Vives, autor en Playlist Curada\",\"isPartOf\":{\"@id\":\"https:\/\/playlistcurada.com\/#website\"},\"breadcrumb\":{\"@id\":\"https:\/\/playlistcurada.com\/author\/marc-vives\/#breadcrumb\"},\"inLanguage\":\"en-GB\",\"potentialAction\":[{\"@type\":\"ReadAction\",\"target\":[\"https:\/\/playlistcurada.com\/author\/marc-vives\/\"]}]},{\"@type\":\"BreadcrumbList\",\"@id\":\"https:\/\/playlistcurada.com\/author\/marc-vives\/#breadcrumb\",\"itemListElement\":[{\"@type\":\"ListItem\",\"position\":1,\"name\":\"Portada\",\"item\":\"https:\/\/playlistcurada.com\/\"},{\"@type\":\"ListItem\",\"position\":2,\"name\":\"Archivo de Marc Vives\"}]},{\"@type\":\"WebSite\",\"@id\":\"https:\/\/playlistcurada.com\/#website\",\"url\":\"https:\/\/playlistcurada.com\/\",\"name\":\"Playlist Curada\",\"description\":\"M\u00fasica recomendada por amigxs, no por algoritmos.\",\"publisher\":{\"@id\":\"https:\/\/playlistcurada.com\/#organization\"},\"potentialAction\":[{\"@type\":\"SearchAction\",\"target\":{\"@type\":\"EntryPoint\",\"urlTemplate\":\"https:\/\/playlistcurada.com\/?s={search_term_string}\"},\"query-input\":{\"@type\":\"PropertyValueSpecification\",\"valueRequired\":true,\"valueName\":\"search_term_string\"}}],\"inLanguage\":\"en-GB\"},{\"@type\":\"Organization\",\"@id\":\"https:\/\/playlistcurada.com\/#organization\",\"name\":\"Playlist Curada\",\"url\":\"https:\/\/playlistcurada.com\/\",\"logo\":{\"@type\":\"ImageObject\",\"inLanguage\":\"en-GB\",\"@id\":\"https:\/\/playlistcurada.com\/#\/schema\/logo\/image\/\",\"url\":\"https:\/\/playlistcurada.com\/wp-content\/uploads\/2024\/09\/pc_logo_colour.png\",\"contentUrl\":\"https:\/\/playlistcurada.com\/wp-content\/uploads\/2024\/09\/pc_logo_colour.png\",\"width\":1024,\"height\":1024,\"caption\":\"Playlist Curada\"},\"image\":{\"@id\":\"https:\/\/playlistcurada.com\/#\/schema\/logo\/image\/\"},\"sameAs\":[\"https:\/\/instagram.com\/playlist_curada\",\"https:\/\/open.spotify.com\/user\/31dsg7rlpaxz5fzqcixte6ohq4hq?si=5072cb4e5c1d4a33\"]},{\"@type\":\"Person\",\"@id\":\"https:\/\/playlistcurada.com\/#\/schema\/person\/893f897fda14989728295be3c86a53a2\",\"name\":\"Marc Vives\",\"image\":{\"@type\":\"ImageObject\",\"inLanguage\":\"en-GB\",\"@id\":\"https:\/\/playlistcurada.com\/#\/schema\/person\/image\/4b0867549ff91f10d271c12f2460d30b\",\"url\":\"https:\/\/playlistcurada.com\/wp-content\/uploads\/2026\/03\/2026-Geofonias-MarcPortrait-web.png\",\"contentUrl\":\"https:\/\/playlistcurada.com\/wp-content\/uploads\/2026\/03\/2026-Geofonias-MarcPortrait-web.png\",\"caption\":\"Marc Vives\"},\"description\":\"Marc Vives Mu\u00f1oz canta y nada, entre las esc\u00e9nicas y las visuales. Formado en Bellas Artes en 2001 por la Universidad de Barcelona y doctorando por la Universidad de Castilla - La Mancha. Trabaja con la materialidad de la voz en su potencialidad escult\u00f3rica con el objetivo de infiltrarse en arquitecturas, paisajes y otres cuerpes y reformular un orden establecido. Ha mostrado su trabajo en Rogaland Kunstsenter (Stavanger, 2016), Redcat (LA, 2016), etHALL (BCN, 2018), MACBA (BCN 2021), y perfos en Antic Teatre (BCN, 2020), CCEMX (M\u00e9xico, 2020), Festival Grec (BCN, 2020), La Casa Encendida (Madrid, 2021), MUSAC (Le\u00f3n, 2023), Collegium (Ar\u00e9valo, 2023) o MAC PANAM\u00c0 (2023). Colabora con otres artistes, de 2002-2012 form\u00f3 parte del d\u00fao Bestu\u00e9-Vives yendo a la Bienal de Venecia 2009. Su \u00e1mbito de afectaci\u00f3n excede la pr\u00e1ctica art\u00edstica y se dedica a la pedagog\u00eda, al comisariado o la gesti\u00f3n, buscando transformar colectivamente el modelo contextual. Recientemente ha comisariado el ciclo sobre corporalidad e imagen \u201cSecuencia\u201d junto a Fernando Gandasegui, creado la \u201cEscuela de Voz\u201d con Laia Estruch y formado parte del equipo comisarial en La Capella, tambi\u00e9n puso en marcha GRAF.cat en 2013 y sigue vinculado en tareas asesoramiento y estrategia.\",\"sameAs\":[\"https:\/\/marcvives.eu\/\"],\"mainEntityOfPage\":{\"@id\":\"https:\/\/playlistcurada.com\/author\/marc-vives\/\"}}]}<\/script>\n<!-- \/ Yoast SEO plugin. -->","yoast_head_json":{"title":"Marc Vives, autor en Playlist Curada","robots":{"index":"index","follow":"follow","max-snippet":"max-snippet:-1","max-image-preview":"max-image-preview:large","max-video-preview":"max-video-preview:-1"},"canonical":"https:\/\/playlistcurada.com\/en\/author\/marc-vives\/","og_locale":"en_GB","og_type":"profile","og_title":"Marc Vives, autor en Playlist Curada","og_url":"https:\/\/playlistcurada.com\/en\/author\/marc-vives\/","og_site_name":"Playlist Curada","og_image":[{"url":"https:\/\/playlistcurada.com\/wp-content\/uploads\/2026\/03\/2026-Geofonias-MarcPortrait-web.png","type":"","width":"","height":""}],"twitter_card":"summary_large_image","schema":{"@context":"https:\/\/schema.org","@graph":[{"@type":"ProfilePage","@id":"https:\/\/playlistcurada.com\/author\/marc-vives\/","url":"https:\/\/playlistcurada.com\/author\/marc-vives\/","name":"Marc Vives, autor en Playlist Curada","isPartOf":{"@id":"https:\/\/playlistcurada.com\/#website"},"breadcrumb":{"@id":"https:\/\/playlistcurada.com\/author\/marc-vives\/#breadcrumb"},"inLanguage":"en-GB","potentialAction":[{"@type":"ReadAction","target":["https:\/\/playlistcurada.com\/author\/marc-vives\/"]}]},{"@type":"BreadcrumbList","@id":"https:\/\/playlistcurada.com\/author\/marc-vives\/#breadcrumb","itemListElement":[{"@type":"ListItem","position":1,"name":"Portada","item":"https:\/\/playlistcurada.com\/"},{"@type":"ListItem","position":2,"name":"Archivo de Marc Vives"}]},{"@type":"WebSite","@id":"https:\/\/playlistcurada.com\/#website","url":"https:\/\/playlistcurada.com\/","name":"Playlist Curada","description":"M\u00fasica recomendada por amigxs, no por algoritmos.","publisher":{"@id":"https:\/\/playlistcurada.com\/#organization"},"potentialAction":[{"@type":"SearchAction","target":{"@type":"EntryPoint","urlTemplate":"https:\/\/playlistcurada.com\/?s={search_term_string}"},"query-input":{"@type":"PropertyValueSpecification","valueRequired":true,"valueName":"search_term_string"}}],"inLanguage":"en-GB"},{"@type":"Organization","@id":"https:\/\/playlistcurada.com\/#organization","name":"Playlist Curada","url":"https:\/\/playlistcurada.com\/","logo":{"@type":"ImageObject","inLanguage":"en-GB","@id":"https:\/\/playlistcurada.com\/#\/schema\/logo\/image\/","url":"https:\/\/playlistcurada.com\/wp-content\/uploads\/2024\/09\/pc_logo_colour.png","contentUrl":"https:\/\/playlistcurada.com\/wp-content\/uploads\/2024\/09\/pc_logo_colour.png","width":1024,"height":1024,"caption":"Playlist Curada"},"image":{"@id":"https:\/\/playlistcurada.com\/#\/schema\/logo\/image\/"},"sameAs":["https:\/\/instagram.com\/playlist_curada","https:\/\/open.spotify.com\/user\/31dsg7rlpaxz5fzqcixte6ohq4hq?si=5072cb4e5c1d4a33"]},{"@type":"Person","@id":"https:\/\/playlistcurada.com\/#\/schema\/person\/893f897fda14989728295be3c86a53a2","name":"Marc Vives","image":{"@type":"ImageObject","inLanguage":"en-GB","@id":"https:\/\/playlistcurada.com\/#\/schema\/person\/image\/4b0867549ff91f10d271c12f2460d30b","url":"https:\/\/playlistcurada.com\/wp-content\/uploads\/2026\/03\/2026-Geofonias-MarcPortrait-web.png","contentUrl":"https:\/\/playlistcurada.com\/wp-content\/uploads\/2026\/03\/2026-Geofonias-MarcPortrait-web.png","caption":"Marc Vives"},"description":"Marc Vives Mu\u00f1oz canta y nada, entre las esc\u00e9nicas y las visuales. Formado en Bellas Artes en 2001 por la Universidad de Barcelona y doctorando por la Universidad de Castilla - La Mancha. Trabaja con la materialidad de la voz en su potencialidad escult\u00f3rica con el objetivo de infiltrarse en arquitecturas, paisajes y otres cuerpes y reformular un orden establecido. Ha mostrado su trabajo en Rogaland Kunstsenter (Stavanger, 2016), Redcat (LA, 2016), etHALL (BCN, 2018), MACBA (BCN 2021), y perfos en Antic Teatre (BCN, 2020), CCEMX (M\u00e9xico, 2020), Festival Grec (BCN, 2020), La Casa Encendida (Madrid, 2021), MUSAC (Le\u00f3n, 2023), Collegium (Ar\u00e9valo, 2023) o MAC PANAM\u00c0 (2023). Colabora con otres artistes, de 2002-2012 form\u00f3 parte del d\u00fao Bestu\u00e9-Vives yendo a la Bienal de Venecia 2009. Su \u00e1mbito de afectaci\u00f3n excede la pr\u00e1ctica art\u00edstica y se dedica a la pedagog\u00eda, al comisariado o la gesti\u00f3n, buscando transformar colectivamente el modelo contextual. Recientemente ha comisariado el ciclo sobre corporalidad e imagen \u201cSecuencia\u201d junto a Fernando Gandasegui, creado la \u201cEscuela de Voz\u201d con Laia Estruch y formado parte del equipo comisarial en La Capella, tambi\u00e9n puso en marcha GRAF.cat en 2013 y sigue vinculado en tareas asesoramiento y estrategia.","sameAs":["https:\/\/marcvives.eu\/"],"mainEntityOfPage":{"@id":"https:\/\/playlistcurada.com\/author\/marc-vives\/"}}]}},"_links":{"self":[{"href":"https:\/\/playlistcurada.com\/en\/wp-json\/wp\/v2\/users\/56","targetHints":{"allow":["GET"]}}],"collection":[{"href":"https:\/\/playlistcurada.com\/en\/wp-json\/wp\/v2\/users"}]}}